{"id":1265,"date":"2025-01-02T08:36:38","date_gmt":"2025-01-02T08:36:38","guid":{"rendered":"https:\/\/www.stabhalterei-freiamt.de\/?p=1265"},"modified":"2025-01-02T08:55:43","modified_gmt":"2025-01-02T08:55:43","slug":"fasnetprogramm-2025","status":"publish","type":"post","link":"https:\/\/www.stabhalterei-freiamt.de\/?p=1265","title":{"rendered":"Fasnetprogramm 2025"},"content":{"rendered":"\n<p>Am 6. Januar wird die Fasnet 2025 er\u00f6ffnet und es goht dagege. Am 26. Februar ist das Fasnetsuchen im Freiamt, am 27. Februar ist der schmutzige Dunschdig mit Kinderumzug und n\u00e4rrischem Treiben im Narrendorf im Burggarten. Wir sind wieder mit einem Stand vertreten. Am 1. M\u00e4rz steigt wieder unser N\u00e4rrischer Abend im daheim unter dem Motto: \u201edaheim isch daheim\u201c. Au\u00dferdem nehmen wir am Sonntagsumzug in Triberg teil und besuchen den Rosenmontagsumzug in Freiburg. Wir freuen uns alle auf eine sch\u00f6ne Fasnet \u2013 Narri Narro !!<\/p>\n\n\n\n<figure class=\"wp-block-image size-large\"><img loading=\"lazy\" decoding=\"async\" width=\"719\" height=\"1024\" src=\"https:\/\/www.stabhalterei-freiamt.de\/wp-content\/uploads\/2025\/01\/Plakat-2025-719x1024.jpg\" alt=\"\" class=\"wp-image-1267\" srcset=\"https:\/\/www.stabhalterei-freiamt.de\/wp-content\/uploads\/2025\/01\/Plakat-2025-719x1024.jpg 719w, https:\/\/www.stabhalterei-freiamt.de\/wp-content\/uploads\/2025\/01\/Plakat-2025-211x300.jpg 211w, https:\/\/www.stabhalterei-freiamt.de\/wp-content\/uploads\/2025\/01\/Plakat-2025-768x1094.jpg 768w, https:\/\/www.stabhalterei-freiamt.de\/wp-content\/uploads\/2025\/01\/Plakat-2025-1079x1536.jpg 1079w, https:\/\/www.stabhalterei-freiamt.de\/wp-content\/uploads\/2025\/01\/Plakat-2025.jpg 1106w\" sizes=\"(max-width: 719px) 100vw, 719px\" \/><\/figure>\n","protected":false},"excerpt":{"rendered":"<p>Am 6. Januar wird die Fasnet 2025 er\u00f6ffnet und es goht dagege. Am 26. Februar ist das Fasnetsuchen im Freiamt, am 27. Februar ist der schmutzige Dunschdig mit Kinderumzug und n\u00e4rrischem Treiben im Narrendorf im Burggarten. Wir sind wieder mit einem Stand vertreten. Am 1. M\u00e4rz steigt wieder unser N\u00e4rrischer Abend im daheim unter dem Motto: \u201edaheim isch daheim\u201c. Au\u00dferdem nehmen wir am Sonntagsumzug in<\/p>\n","protected":false},"author":2,"featured_media":0,"comment_status":"closed","ping_status":"open","sticky":false,"template":"","format":"standard","meta":{"_coblocks_attr":"","_coblocks_dimensions":"","_coblocks_responsive_height":"","_coblocks_accordion_ie_support":"","footnotes":""},"categories":[3],"tags":[],"_links":{"self":[{"href":"https:\/\/www.stabhalterei-freiamt.de\/index.php?rest_route=\/wp\/v2\/posts\/1265"}],"collection":[{"href":"https:\/\/www.stabhalterei-freiamt.de\/index.php?rest_route=\/wp\/v2\/posts"}],"about":[{"href":"https:\/\/www.stabhalterei-freiamt.de\/index.php?rest_route=\/wp\/v2\/types\/post"}],"author":[{"embeddable":true,"href":"https:\/\/www.stabhalterei-freiamt.de\/index.php?rest_route=\/wp\/v2\/users\/2"}],"replies":[{"embeddable":true,"href":"https:\/\/www.stabhalterei-freiamt.de\/index.php?rest_route=%2Fwp%2Fv2%2Fcomments&post=1265"}],"version-history":[{"count":2,"href":"https:\/\/www.stabhalterei-freiamt.de\/index.php?rest_route=\/wp\/v2\/posts\/1265\/revisions"}],"predecessor-version":[{"id":1278,"href":"https:\/\/www.stabhalterei-freiamt.de\/index.php?rest_route=\/wp\/v2\/posts\/1265\/revisions\/1278"}],"wp:attachment":[{"href":"https:\/\/www.stabhalterei-freiamt.de\/index.php?rest_route=%2Fwp%2Fv2%2Fmedia&parent=1265"}],"wp:term":[{"taxonomy":"category","embeddable":true,"href":"https:\/\/www.stabhalterei-freiamt.de\/index.php?rest_route=%2Fwp%2Fv2%2Fcategories&post=1265"},{"taxonomy":"post_tag","embeddable":true,"href":"https:\/\/www.stabhalterei-freiamt.de\/index.php?rest_route=%2Fwp%2Fv2%2Ftags&post=1265"}],"curies":[{"name":"wp","href":"https:\/\/api.w.org\/{rel}","templated":true}]}}